{"id":1407,"date":"2022-12-19T22:45:26","date_gmt":"2022-12-19T21:45:26","guid":{"rendered":"https:\/\/syndikat-eisebunnen.lu\/news\/commentaire-nr-10-2022-2"},"modified":"2022-12-19T22:50:03","modified_gmt":"2022-12-19T21:50:03","slug":"commentaire-nr-10-2022-2","status":"publish","type":"news","link":"https:\/\/syndikat-eisebunnen.lu\/de\/news\/commentaire-nr-10-2022-2","title":{"rendered":"Kommentar Nr. 11\/2022"},"content":{"rendered":"<p><\/p>\n<h2><strong>Geh\u00e4lterabkommen f\u00fcr den \u00d6ffentlichen Dienst <\/strong><\/h2>\n<p>Am 9. Dezember haben der zust\u00e4ndige Minister f\u00fcr den \u00f6ffentlichen Dienst, Marc Hansen, sowie die zwei Vertreter der CGFP, Nationalpr\u00e4sident Romain Wolff und Generalsekret\u00e4r Steve Heiliger, das Geh\u00e4lterabkommen f\u00fcr den \u00d6ffentlichen Dienst unterzeichnet und dies 3 Tage nach der Pressekonferenz vom Landesverband zusammen mit dem OGBL, wo beide Gewerkschaften nochmals gefordert hatten, an den Verhandlungen beteiligt zu werden.<\/p>\n<p><img loading=\"lazy\" decoding=\"async\" class=\"alignnone size-medium wp-image-1408\" src=\"https:\/\/syndikat-eisebunnen.lu\/wp-content\/uploads\/2022\/12\/ministere_fonction_publique-300x225.jpg\" alt=\"\" width=\"300\" height=\"225\" srcset=\"https:\/\/syndikat-eisebunnen.lu\/wp-content\/uploads\/2022\/12\/ministere_fonction_publique-300x225.jpg 300w, https:\/\/syndikat-eisebunnen.lu\/wp-content\/uploads\/2022\/12\/ministere_fonction_publique-1024x768.jpg 1024w, https:\/\/syndikat-eisebunnen.lu\/wp-content\/uploads\/2022\/12\/ministere_fonction_publique-768x576.jpg 768w, https:\/\/syndikat-eisebunnen.lu\/wp-content\/uploads\/2022\/12\/ministere_fonction_publique-1536x1152.jpg 1536w, https:\/\/syndikat-eisebunnen.lu\/wp-content\/uploads\/2022\/12\/ministere_fonction_publique-2048x1536.jpg 2048w\" sizes=\"auto, (max-width: 300px) 100vw, 300px\" \/><\/p>","protected":false},"featured_media":697,"template":"","news_category":[12],"class_list":["post-1407","news","type-news","status-publish","has-post-thumbnail","hentry","news_category-commentaire"],"acf":[],"_links":{"self":[{"href":"https:\/\/syndikat-eisebunnen.lu\/de\/wp-json\/wp\/v2\/news\/1407","targetHints":{"allow":["GET"]}}],"collection":[{"href":"https:\/\/syndikat-eisebunnen.lu\/de\/wp-json\/wp\/v2\/news"}],"about":[{"href":"https:\/\/syndikat-eisebunnen.lu\/de\/wp-json\/wp\/v2\/types\/news"}],"wp:featuredmedia":[{"embeddable":true,"href":"https:\/\/syndikat-eisebunnen.lu\/de\/wp-json\/wp\/v2\/media\/697"}],"wp:attachment":[{"href":"https:\/\/syndikat-eisebunnen.lu\/de\/wp-json\/wp\/v2\/media?parent=1407"}],"wp:term":[{"taxonomy":"news_category","embeddable":true,"href":"https:\/\/syndikat-eisebunnen.lu\/de\/wp-json\/wp\/v2\/news_category?post=1407"}],"curies":[{"name":"wp","href":"https:\/\/api.w.org\/{rel}","templated":true}]}}