{"id":1604,"date":"2023-03-02T14:46:07","date_gmt":"2023-03-02T13:46:07","guid":{"rendered":"https:\/\/syndikat-eisebunnen.lu\/news\/solidarite-avec-nos-camarades-de-la-cgt-2"},"modified":"2023-03-02T14:53:32","modified_gmt":"2023-03-02T13:53:32","slug":"declaration-de-solidarite-a-la-suite-de-laccident-ferroviaire-en-grece","status":"publish","type":"news","link":"https:\/\/syndikat-eisebunnen.lu\/de\/news\/declaration-de-solidarite-a-la-suite-de-laccident-ferroviaire-en-grece","title":{"rendered":"Solidarit\u00e4tserkl\u00e4rung nach Eisenbahnunfall in Griechenland"},"content":{"rendered":"<p>Im Namen der luxemburgischen Eisenbahnergewerkschaft \u201eOGBL Syndikat Eisenbahnen FNCTTFEL\/Landesverband\u201c \u00a0bekunden wir unsere tiefe Anteilnahme und Betroffenheit \u00fcber den tragischen Zusammensto\u00df eines Personen- und eines G\u00fcterzuges in Griechenland, welcher sich in der Nacht zum 01. M\u00e4rz auf der Strecke Athen-Thessaloniki ereignete und der bislang 46 Menschen das Leben gekostet und zahlreiche Verletzte gefordert hat.<\/p>","protected":false},"featured_media":1606,"template":"","news_category":[34],"class_list":["post-1604","news","type-news","status-publish","has-post-thumbnail","hentry","news_category-divers"],"acf":[],"_links":{"self":[{"href":"https:\/\/syndikat-eisebunnen.lu\/de\/wp-json\/wp\/v2\/news\/1604","targetHints":{"allow":["GET"]}}],"collection":[{"href":"https:\/\/syndikat-eisebunnen.lu\/de\/wp-json\/wp\/v2\/news"}],"about":[{"href":"https:\/\/syndikat-eisebunnen.lu\/de\/wp-json\/wp\/v2\/types\/news"}],"wp:featuredmedia":[{"embeddable":true,"href":"https:\/\/syndikat-eisebunnen.lu\/de\/wp-json\/wp\/v2\/media\/1606"}],"wp:attachment":[{"href":"https:\/\/syndikat-eisebunnen.lu\/de\/wp-json\/wp\/v2\/media?parent=1604"}],"wp:term":[{"taxonomy":"news_category","embeddable":true,"href":"https:\/\/syndikat-eisebunnen.lu\/de\/wp-json\/wp\/v2\/news_category?post=1604"}],"curies":[{"name":"wp","href":"https:\/\/api.w.org\/{rel}","templated":true}]}}