{"id":1643,"date":"2023-03-27T00:06:05","date_gmt":"2023-03-26T22:06:05","guid":{"rendered":"https:\/\/syndikat-eisebunnen.lu\/news\/declaration-de-solidarite-a-la-suite-de-laccident-ferroviaire-en-grece-2"},"modified":"2023-03-27T00:12:39","modified_gmt":"2023-03-26T22:12:39","slug":"declaration-de-solidarite-avec-ver-di-et-evg","status":"publish","type":"news","link":"https:\/\/syndikat-eisebunnen.lu\/de\/news\/declaration-de-solidarite-avec-ver-di-et-evg","title":{"rendered":"Solidarit\u00e4tserkl\u00e4rung mit ver.di et EVG"},"content":{"rendered":"<p>Werte Kameradinnen, Werte Kameraden,<\/p>\n<p>Mit dieser Botschaft will der OGBL\/FNCTTFEL-Landesverband euch seine Solidarit\u00e4t \u00fcbermitteln, um sowohl die EVG als auch die ver.di in ihren Aktionen f\u00fcr ein gutes Resultat bei den Tarifverhandlungen zu unterst\u00fctzen.<\/p>","protected":false},"featured_media":1644,"template":"","news_category":[34],"class_list":["post-1643","news","type-news","status-publish","has-post-thumbnail","hentry","news_category-divers"],"acf":[],"_links":{"self":[{"href":"https:\/\/syndikat-eisebunnen.lu\/de\/wp-json\/wp\/v2\/news\/1643","targetHints":{"allow":["GET"]}}],"collection":[{"href":"https:\/\/syndikat-eisebunnen.lu\/de\/wp-json\/wp\/v2\/news"}],"about":[{"href":"https:\/\/syndikat-eisebunnen.lu\/de\/wp-json\/wp\/v2\/types\/news"}],"wp:featuredmedia":[{"embeddable":true,"href":"https:\/\/syndikat-eisebunnen.lu\/de\/wp-json\/wp\/v2\/media\/1644"}],"wp:attachment":[{"href":"https:\/\/syndikat-eisebunnen.lu\/de\/wp-json\/wp\/v2\/media?parent=1643"}],"wp:term":[{"taxonomy":"news_category","embeddable":true,"href":"https:\/\/syndikat-eisebunnen.lu\/de\/wp-json\/wp\/v2\/news_category?post=1643"}],"curies":[{"name":"wp","href":"https:\/\/api.w.org\/{rel}","templated":true}]}}