{"id":1646,"date":"2023-03-28T21:38:16","date_gmt":"2023-03-28T19:38:16","guid":{"rendered":"https:\/\/syndikat-eisebunnen.lu\/news\/declaration-de-solidarite-avec-ver-di-et-evg-2"},"modified":"2023-03-28T21:52:58","modified_gmt":"2023-03-28T19:52:58","slug":"je-peux-voter-ma-voix-mon-choix","status":"publish","type":"news","link":"https:\/\/syndikat-eisebunnen.lu\/de\/news\/je-peux-voter-ma-voix-mon-choix","title":{"rendered":"ICH KANN W\u00c4HLEN &#8211; MEINE STIMME, MEINE WAHL"},"content":{"rendered":"<p><\/p>\n<h2>Du hast nicht die luxemburgische Staatsangeh\u00f6rigkeit, bist aber in Luxemburg wohnhaft?<\/h2>\n<p>Du hast das Recht, bei den n\u00e4chsten Kommunalwahlen, die am 11. Juni in deiner Wohnsitzgemeinde stattfinden, deine Stimme abzugeben.<\/p>\n<p><strong>Lass deiner Stimme Geh\u00f6r verschaffen und trage dich bis sp\u00e4testens 17. April 2023 in die W\u00e4hlerlisten ein!<\/strong><\/p>","protected":false},"featured_media":1647,"template":"","news_category":[34],"class_list":["post-1646","news","type-news","status-publish","has-post-thumbnail","hentry","news_category-divers"],"acf":[],"_links":{"self":[{"href":"https:\/\/syndikat-eisebunnen.lu\/de\/wp-json\/wp\/v2\/news\/1646","targetHints":{"allow":["GET"]}}],"collection":[{"href":"https:\/\/syndikat-eisebunnen.lu\/de\/wp-json\/wp\/v2\/news"}],"about":[{"href":"https:\/\/syndikat-eisebunnen.lu\/de\/wp-json\/wp\/v2\/types\/news"}],"wp:featuredmedia":[{"embeddable":true,"href":"https:\/\/syndikat-eisebunnen.lu\/de\/wp-json\/wp\/v2\/media\/1647"}],"wp:attachment":[{"href":"https:\/\/syndikat-eisebunnen.lu\/de\/wp-json\/wp\/v2\/media?parent=1646"}],"wp:term":[{"taxonomy":"news_category","embeddable":true,"href":"https:\/\/syndikat-eisebunnen.lu\/de\/wp-json\/wp\/v2\/news_category?post=1646"}],"curies":[{"name":"wp","href":"https:\/\/api.w.org\/{rel}","templated":true}]}}