{"id":1669,"date":"2023-04-17T22:29:39","date_gmt":"2023-04-17T20:29:39","guid":{"rendered":"https:\/\/syndikat-eisebunnen.lu\/news\/editorial-nr-03-2023-2"},"modified":"2023-04-18T20:57:20","modified_gmt":"2023-04-18T18:57:20","slug":"editorial-nr-03-2023-2","status":"publish","type":"news","link":"https:\/\/syndikat-eisebunnen.lu\/de\/news\/editorial-nr-03-2023-2","title":{"rendered":"Editorial Nr. 04\/2023"},"content":{"rendered":"<p><\/p>\n<h2><strong>1. Mai Feier &#8211; Tag der Arbeit<\/strong><\/h2>\n<p>Seit mehr als 100 Jahren ist der erste Mai der zentrale Gedenk- und Aktionstag der Gewerkschaften. In 184 L\u00e4nder auf der ganzen Welt, darunter auch in Luxemburg, ist dieser Tag ein gesetzlicher Feiertag.<\/p>\n<p>Die erste \u201e1. Mai-Feier\u201c fand 1890 in zahlreichen L\u00e4ndern und St\u00e4dten statt, dabei handelte es sich aber weniger um eine Feier als vielmehr um einen &#8222;Kampftag der Arbeiterbewegung&#8220;. Die Forderungen damals \u00e4hneln immer noch den heutigen Forderungen &#8211; Arbeitszeitverk\u00fcrzung (Achtstundentag), h\u00f6here L\u00f6hne und bessere Arbeitsbedingungen wurden schon damals verlangt.<\/p>","protected":false},"featured_media":697,"template":"","news_category":[10],"class_list":["post-1669","news","type-news","status-publish","has-post-thumbnail","hentry","news_category-editorial"],"acf":[],"_links":{"self":[{"href":"https:\/\/syndikat-eisebunnen.lu\/de\/wp-json\/wp\/v2\/news\/1669","targetHints":{"allow":["GET"]}}],"collection":[{"href":"https:\/\/syndikat-eisebunnen.lu\/de\/wp-json\/wp\/v2\/news"}],"about":[{"href":"https:\/\/syndikat-eisebunnen.lu\/de\/wp-json\/wp\/v2\/types\/news"}],"wp:featuredmedia":[{"embeddable":true,"href":"https:\/\/syndikat-eisebunnen.lu\/de\/wp-json\/wp\/v2\/media\/697"}],"wp:attachment":[{"href":"https:\/\/syndikat-eisebunnen.lu\/de\/wp-json\/wp\/v2\/media?parent=1669"}],"wp:term":[{"taxonomy":"news_category","embeddable":true,"href":"https:\/\/syndikat-eisebunnen.lu\/de\/wp-json\/wp\/v2\/news_category?post=1669"}],"curies":[{"name":"wp","href":"https:\/\/api.w.org\/{rel}","templated":true}]}}