{"id":1803,"date":"2023-06-15T01:17:01","date_gmt":"2023-06-14T23:17:01","guid":{"rendered":"https:\/\/syndikat-eisebunnen.lu\/news\/commentaire-nr-05-2023-2"},"modified":"2023-06-15T01:35:44","modified_gmt":"2023-06-14T23:35:44","slug":"irregularites-au-service-bu","status":"publish","type":"news","link":"https:\/\/syndikat-eisebunnen.lu\/de\/news\/irregularites-au-service-bu","title":{"rendered":"Unregelm\u00e4\u00dfigkeiten im Busbetrieb"},"content":{"rendered":"<p>Am 13. Juni kam es zu einem Treffen zwischen dem Landesverband und der F\u00fchrung von EF, RH und BU.<\/p>\n<p>Seitens des Landesverbandes nahmen deren Pr\u00e4sident, Georges Merenz, der Pr\u00e4sident der Zentraldelegation, Patrick Vansteenkiste sowie der Personalvertreter der BU-Sektion, Andr\u00e9 Marques de Paiva teil.<\/p>\n<p>Der Direktor Activit\u00e9s Voyageurs, Marc Hoffmann, der Direktor RH &amp; Organisation, Yves Baden und der Chef de Service BU, Carlo Hansen nahmen vonseiten der CFL-Direktion teil.<\/p>","protected":false},"featured_media":1804,"template":"","news_category":[35],"class_list":["post-1803","news","type-news","status-publish","has-post-thumbnail","hentry","news_category-info"],"acf":[],"_links":{"self":[{"href":"https:\/\/syndikat-eisebunnen.lu\/de\/wp-json\/wp\/v2\/news\/1803","targetHints":{"allow":["GET"]}}],"collection":[{"href":"https:\/\/syndikat-eisebunnen.lu\/de\/wp-json\/wp\/v2\/news"}],"about":[{"href":"https:\/\/syndikat-eisebunnen.lu\/de\/wp-json\/wp\/v2\/types\/news"}],"wp:featuredmedia":[{"embeddable":true,"href":"https:\/\/syndikat-eisebunnen.lu\/de\/wp-json\/wp\/v2\/media\/1804"}],"wp:attachment":[{"href":"https:\/\/syndikat-eisebunnen.lu\/de\/wp-json\/wp\/v2\/media?parent=1803"}],"wp:term":[{"taxonomy":"news_category","embeddable":true,"href":"https:\/\/syndikat-eisebunnen.lu\/de\/wp-json\/wp\/v2\/news_category?post=1803"}],"curies":[{"name":"wp","href":"https:\/\/api.w.org\/{rel}","templated":true}]}}