{"id":1817,"date":"2023-06-20T23:04:20","date_gmt":"2023-06-20T21:04:20","guid":{"rendered":"https:\/\/syndikat-eisebunnen.lu\/news\/commentaire-nr-05-2023-2"},"modified":"2023-06-20T23:07:30","modified_gmt":"2023-06-20T21:07:30","slug":"commentaire-nr-06-2023","status":"publish","type":"news","link":"https:\/\/syndikat-eisebunnen.lu\/de\/news\/commentaire-nr-06-2023","title":{"rendered":"Kommentar Nr. 06\/2023"},"content":{"rendered":"<p><\/p>\n<h2><strong>Energie-, Klima- und Verkehrspolitik<\/strong><\/h2>\n<p><strong>Die Regierung hat k\u00fcrzlich eine Aktualisierung des integrierten Planes f\u00fcr Energie und Klima, f\u00fcr die Periode von 2021 bis 2030, auf den Weg gebracht. Es ist unumstritten, dass die Transport- und Verkehrspolitik, die Energie- und Klimabilanz stark beeinflussen. Auch das Verh\u00e4ltnis zwischen dem \u00e4rmeren und dem reicheren Teil der Bev\u00f6lkerung wird von den energie- und klimapolitischen Ma\u00dfnahmen beeinflusst.<\/strong><\/p>","protected":false},"featured_media":737,"template":"","news_category":[12],"class_list":["post-1817","news","type-news","status-publish","has-post-thumbnail","hentry","news_category-commentaire"],"acf":[],"_links":{"self":[{"href":"https:\/\/syndikat-eisebunnen.lu\/de\/wp-json\/wp\/v2\/news\/1817","targetHints":{"allow":["GET"]}}],"collection":[{"href":"https:\/\/syndikat-eisebunnen.lu\/de\/wp-json\/wp\/v2\/news"}],"about":[{"href":"https:\/\/syndikat-eisebunnen.lu\/de\/wp-json\/wp\/v2\/types\/news"}],"wp:featuredmedia":[{"embeddable":true,"href":"https:\/\/syndikat-eisebunnen.lu\/de\/wp-json\/wp\/v2\/media\/737"}],"wp:attachment":[{"href":"https:\/\/syndikat-eisebunnen.lu\/de\/wp-json\/wp\/v2\/media?parent=1817"}],"wp:term":[{"taxonomy":"news_category","embeddable":true,"href":"https:\/\/syndikat-eisebunnen.lu\/de\/wp-json\/wp\/v2\/news_category?post=1817"}],"curies":[{"name":"wp","href":"https:\/\/api.w.org\/{rel}","templated":true}]}}