{"id":1824,"date":"2023-07-06T23:40:21","date_gmt":"2023-07-06T21:40:21","guid":{"rendered":"https:\/\/syndikat-eisebunnen.lu\/news\/invitation-fete-dete-01-juillet-2023-ogbl-landesverband-2"},"modified":"2023-07-10T16:00:32","modified_gmt":"2023-07-10T14:00:32","slug":"logbl-sinvite-dans-la-campagne-electorale","status":"publish","type":"news","link":"https:\/\/syndikat-eisebunnen.lu\/de\/news\/logbl-sinvite-dans-la-campagne-electorale","title":{"rendered":"Der OGBL l\u00e4dt sich in die Wahlkampagne ein"},"content":{"rendered":"<p><\/p>\n<h4>Die Kommunalwahlen liegen kaum hinter uns, da k\u00fcndigt sich bereits ein weiterer Wahlgang an. Am 11. Oktober werden die luxemburgischen W\u00e4hler n\u00e4mlich erneut an die Urnen gerufen, diesmal, um \u00fcber die allgemeine politische Ausrichtung des Landes in den n\u00e4chsten f\u00fcnf Jahren zu entscheiden. Hierbei handelt es sich nat\u00fcrlich um die Parlamentswahlen. Der Countdown l\u00e4uft bereits. Die verschiedenen politischen Parteien, die an den Wahlen teilnehmen, sind bereits in den Wahlkampf eingestiegen oder stehen kurz davor.<\/h4>\n<hr \/>\n<h3>Hauptforderungen<\/h3>\n<h3>Siehe : <a href=\"https:\/\/syndikat-eisebunnen.lu\/wp-content\/uploads\/2023\/07\/Aktuell_0323_Dossier_DE.pdf\">Aktuell_0323_Dossier_DE<\/a><\/h3>\n<p><\/p>","protected":false},"featured_media":1825,"template":"","news_category":[35],"class_list":["post-1824","news","type-news","status-publish","has-post-thumbnail","hentry","news_category-info"],"acf":[],"_links":{"self":[{"href":"https:\/\/syndikat-eisebunnen.lu\/de\/wp-json\/wp\/v2\/news\/1824","targetHints":{"allow":["GET"]}}],"collection":[{"href":"https:\/\/syndikat-eisebunnen.lu\/de\/wp-json\/wp\/v2\/news"}],"about":[{"href":"https:\/\/syndikat-eisebunnen.lu\/de\/wp-json\/wp\/v2\/types\/news"}],"wp:featuredmedia":[{"embeddable":true,"href":"https:\/\/syndikat-eisebunnen.lu\/de\/wp-json\/wp\/v2\/media\/1825"}],"wp:attachment":[{"href":"https:\/\/syndikat-eisebunnen.lu\/de\/wp-json\/wp\/v2\/media?parent=1824"}],"wp:term":[{"taxonomy":"news_category","embeddable":true,"href":"https:\/\/syndikat-eisebunnen.lu\/de\/wp-json\/wp\/v2\/news_category?post=1824"}],"curies":[{"name":"wp","href":"https:\/\/api.w.org\/{rel}","templated":true}]}}