{"id":1831,"date":"2023-07-10T15:34:25","date_gmt":"2023-07-10T13:34:25","guid":{"rendered":"https:\/\/syndikat-eisebunnen.lu\/news\/editorial-nr-06-2023-2"},"modified":"2023-07-10T15:59:18","modified_gmt":"2023-07-10T13:59:18","slug":"editorial-nr-07-2023","status":"publish","type":"news","link":"https:\/\/syndikat-eisebunnen.lu\/de\/news\/editorial-nr-07-2023","title":{"rendered":"Editorial Nr. 07\/2023"},"content":{"rendered":"<p><\/p>\n<h2><strong><u>\u201eCong\u00e9 collectif\u201c &#8211; Gro\u00dfe Ferien des Bausektors<\/u><\/strong><\/h2>\n<p><strong>In Luxemburg beginnt gleich der Kollektivurlaub. Insgesamt k\u00f6nnen sich rund 47 000 Besch\u00e4ftigte auf den gro\u00dfen Urlaub freuen und dies zweimal im Jahr.<\/strong><br \/>\n<strong>Um der Sommerhitze zu entgehen, beginnt der Kollektivurlaub vom 28. Juli bis zum 20. August 2023 und um durch die Winterk\u00e4lte verbundenen Ausfallzeiten zu vermeiden, ist vom 22. Dezember 2023 bis 10. Januar 2024 Urlaub angesagt.<\/strong><\/p>","protected":false},"featured_media":660,"template":"","news_category":[10],"class_list":["post-1831","news","type-news","status-publish","has-post-thumbnail","hentry","news_category-editorial"],"acf":[],"_links":{"self":[{"href":"https:\/\/syndikat-eisebunnen.lu\/de\/wp-json\/wp\/v2\/news\/1831","targetHints":{"allow":["GET"]}}],"collection":[{"href":"https:\/\/syndikat-eisebunnen.lu\/de\/wp-json\/wp\/v2\/news"}],"about":[{"href":"https:\/\/syndikat-eisebunnen.lu\/de\/wp-json\/wp\/v2\/types\/news"}],"wp:featuredmedia":[{"embeddable":true,"href":"https:\/\/syndikat-eisebunnen.lu\/de\/wp-json\/wp\/v2\/media\/660"}],"wp:attachment":[{"href":"https:\/\/syndikat-eisebunnen.lu\/de\/wp-json\/wp\/v2\/media?parent=1831"}],"wp:term":[{"taxonomy":"news_category","embeddable":true,"href":"https:\/\/syndikat-eisebunnen.lu\/de\/wp-json\/wp\/v2\/news_category?post=1831"}],"curies":[{"name":"wp","href":"https:\/\/api.w.org\/{rel}","templated":true}]}}