{"id":1849,"date":"2023-08-17T21:46:19","date_gmt":"2023-08-17T19:46:19","guid":{"rendered":"https:\/\/syndikat-eisebunnen.lu\/news\/commentaire-nr-07-2023-2"},"modified":"2023-08-17T21:53:12","modified_gmt":"2023-08-17T19:53:12","slug":"commentaire-nr-08-2023","status":"publish","type":"news","link":"https:\/\/syndikat-eisebunnen.lu\/de\/news\/commentaire-nr-08-2023","title":{"rendered":"Kommentar Nr. 08\/2023"},"content":{"rendered":"<p><\/p>\n<h2><strong><u>Vor einem wichtigen Wahltermin!<\/u><\/strong><\/h2>\n<p><strong>Am kommenden 8. Oktober sind die in Luxemburg lebenden Wahlberechtigten aufgerufen, eine neue Abgeordnetenkammer zu w\u00e4hlen. Leider haben viele Arbeitnehmer, die tagt\u00e4glich unseren Wohlstand mit erwirtschaften, kein Wahlrecht. Dies betrifft die Grenzpendler, die zwischenzeitlich fast die H\u00e4lfte der hiesigen Arbeitnehmerschaft darstellen. Von denen in Luxemburg lebenden Arbeitnehmer besitzt rund die H\u00e4lfte nicht die luxemburgische Staatsb\u00fcrgerschaft, sodass nur etwa 25% des Salariats wahlberechtigt sind.<\/strong><\/p>","protected":false},"featured_media":737,"template":"","news_category":[12],"class_list":["post-1849","news","type-news","status-publish","has-post-thumbnail","hentry","news_category-commentaire"],"acf":[],"_links":{"self":[{"href":"https:\/\/syndikat-eisebunnen.lu\/de\/wp-json\/wp\/v2\/news\/1849","targetHints":{"allow":["GET"]}}],"collection":[{"href":"https:\/\/syndikat-eisebunnen.lu\/de\/wp-json\/wp\/v2\/news"}],"about":[{"href":"https:\/\/syndikat-eisebunnen.lu\/de\/wp-json\/wp\/v2\/types\/news"}],"wp:featuredmedia":[{"embeddable":true,"href":"https:\/\/syndikat-eisebunnen.lu\/de\/wp-json\/wp\/v2\/media\/737"}],"wp:attachment":[{"href":"https:\/\/syndikat-eisebunnen.lu\/de\/wp-json\/wp\/v2\/media?parent=1849"}],"wp:term":[{"taxonomy":"news_category","embeddable":true,"href":"https:\/\/syndikat-eisebunnen.lu\/de\/wp-json\/wp\/v2\/news_category?post=1849"}],"curies":[{"name":"wp","href":"https:\/\/api.w.org\/{rel}","templated":true}]}}