{"id":1902,"date":"2023-09-18T19:40:36","date_gmt":"2023-09-18T17:40:36","guid":{"rendered":"https:\/\/syndikat-eisebunnen.lu\/news\/csl-econews-la-reforme-des-retraites-2"},"modified":"2023-09-18T21:45:59","modified_gmt":"2023-09-18T19:45:59","slug":"csl-econews-le-combat-inegal-de-limpot-une-analyse-comparative","status":"publish","type":"news","link":"https:\/\/syndikat-eisebunnen.lu\/de\/news\/csl-econews-le-combat-inegal-de-limpot-une-analyse-comparative","title":{"rendered":"CSL &#8211; ECONEWS : LE COMBAT IN\u00c9GAL DE L&#8217;IMP\u00d4T \u2013 UNE ANALYSE COMPARATIVE"},"content":{"rendered":"<p><strong>Les questions li\u00e9es \u00e0 la fiscalit\u00e9 occupent une place centrale dans les d\u00e9bats \u00e9conomiques et politiques. L&#8217;une des questions les plus cruciales qui se posent depuis des d\u00e9cennies concerne la mani\u00e8re dont les gouvernements taxent les revenus g\u00e9n\u00e9r\u00e9s par le travail, d&#8217;une part, et ceux g\u00e9n\u00e9r\u00e9s par le capital, d&#8217;autre part. Les \u00e9carts qui se creusent entre la <\/strong><strong>taxation de ces deux cat\u00e9gories de revenus ne cessent de susciter des interrogations quant \u00e0 leur justification sociale et \u00e0 leur impact sur l\u2019\u00e9quit\u00e9 fiscale horizontale.<\/strong><\/p>\n<h2><a href=\"https:\/\/syndikat-eisebunnen.lu\/wp-content\/uploads\/2023\/09\/Econews-8-2023.pdf\">Econews-8-2023<\/a><\/h2>\n<p>&nbsp;<\/p>\n<p>&nbsp;<\/p>","protected":false},"featured_media":1903,"template":"","news_category":[33],"class_list":["post-1902","news","type-news","status-publish","has-post-thumbnail","hentry","news_category-communique"],"acf":[],"_links":{"self":[{"href":"https:\/\/syndikat-eisebunnen.lu\/de\/wp-json\/wp\/v2\/news\/1902","targetHints":{"allow":["GET"]}}],"collection":[{"href":"https:\/\/syndikat-eisebunnen.lu\/de\/wp-json\/wp\/v2\/news"}],"about":[{"href":"https:\/\/syndikat-eisebunnen.lu\/de\/wp-json\/wp\/v2\/types\/news"}],"wp:featuredmedia":[{"embeddable":true,"href":"https:\/\/syndikat-eisebunnen.lu\/de\/wp-json\/wp\/v2\/media\/1903"}],"wp:attachment":[{"href":"https:\/\/syndikat-eisebunnen.lu\/de\/wp-json\/wp\/v2\/media?parent=1902"}],"wp:term":[{"taxonomy":"news_category","embeddable":true,"href":"https:\/\/syndikat-eisebunnen.lu\/de\/wp-json\/wp\/v2\/news_category?post=1902"}],"curies":[{"name":"wp","href":"https:\/\/api.w.org\/{rel}","templated":true}]}}