{"id":1922,"date":"2023-10-07T21:51:12","date_gmt":"2023-10-07T19:51:12","guid":{"rendered":"https:\/\/syndikat-eisebunnen.lu\/news\/csl-econews-le-combat-inegal-de-limpot-une-analyse-comparative-2"},"modified":"2023-10-08T00:50:39","modified_gmt":"2023-10-07T22:50:39","slug":"fncttfel-landesverband-decision-prise-lors-du-congres-extraordinaire","status":"publish","type":"news","link":"https:\/\/syndikat-eisebunnen.lu\/de\/news\/fncttfel-landesverband-decision-prise-lors-du-congres-extraordinaire","title":{"rendered":"FNCTTFEL-Landesverband : D\u00e9cision prise lors du congr\u00e8s extraordinaire"},"content":{"rendered":"<h3>D\u00e9cision prise lors du congr\u00e8s extraordinaire du FNCTTFEL-Landesverband en date du 07 octobre 2023<\/h3>\n<p>En date du 07 octobre 2023 s&#8217;est tenu un congr\u00e8s extraordinaire du FNCTTFEL-Landesverband lors duquel tous les d\u00e9l\u00e9gu\u00e9(e)s, c.-\u00e0-d. 100%, ont vot\u00e9 pour une int\u00e9gration d\u00e9finitive dans l\u2019OGBL, et cela, avec effet au 31 janvier 2024.<\/p>\n<p>&nbsp;<\/p>\n","protected":false},"featured_media":1923,"template":"","news_category":[33],"class_list":["post-1922","news","type-news","status-publish","has-post-thumbnail","hentry","news_category-communique"],"acf":[],"_links":{"self":[{"href":"https:\/\/syndikat-eisebunnen.lu\/de\/wp-json\/wp\/v2\/news\/1922","targetHints":{"allow":["GET"]}}],"collection":[{"href":"https:\/\/syndikat-eisebunnen.lu\/de\/wp-json\/wp\/v2\/news"}],"about":[{"href":"https:\/\/syndikat-eisebunnen.lu\/de\/wp-json\/wp\/v2\/types\/news"}],"wp:featuredmedia":[{"embeddable":true,"href":"https:\/\/syndikat-eisebunnen.lu\/de\/wp-json\/wp\/v2\/media\/1923"}],"wp:attachment":[{"href":"https:\/\/syndikat-eisebunnen.lu\/de\/wp-json\/wp\/v2\/media?parent=1922"}],"wp:term":[{"taxonomy":"news_category","embeddable":true,"href":"https:\/\/syndikat-eisebunnen.lu\/de\/wp-json\/wp\/v2\/news_category?post=1922"}],"curies":[{"name":"wp","href":"https:\/\/api.w.org\/{rel}","templated":true}]}}