{"id":2111,"date":"2023-10-17T15:51:04","date_gmt":"2023-10-17T13:51:04","guid":{"rendered":"https:\/\/syndikat-eisebunnen.lu\/news\/editorial-nr-09-2023-2"},"modified":"2023-10-17T15:58:54","modified_gmt":"2023-10-17T13:58:54","slug":"editorial-nr-10-2023","status":"publish","type":"news","link":"https:\/\/syndikat-eisebunnen.lu\/de\/news\/editorial-nr-10-2023","title":{"rendered":"Editorial Nr. 10\/2023"},"content":{"rendered":"<p><\/p>\n<h2><strong>Eine weise Entscheidung f\u00fcr die Zukunft<\/strong><\/h2>\n<h4><strong>Vorab ein gro\u00dfes Dankesch\u00f6n an alle Mandatstr\u00e4ger auf dem au\u00dferordentlichen Kongress vom 7. Oktober 2023. Ihr habt einstimmig zu 100 % Gewerkschaftsgeschichte in Luxembourg geschrieben. Mit eurer Zustimmung wird der FNCTTFEL-Landesverband ab dem 31. Januar 2024 in den Dachverband OGBL integriert. Die einzige richtige Entscheidung f\u00fcr die St\u00e4rkung unserer Organisation und die Vertretung all unserer Mitglieder.<\/strong><\/h4>\n<p><\/p>","protected":false},"featured_media":439,"template":"","news_category":[10],"class_list":["post-2111","news","type-news","status-publish","has-post-thumbnail","hentry","news_category-editorial"],"acf":[],"_links":{"self":[{"href":"https:\/\/syndikat-eisebunnen.lu\/de\/wp-json\/wp\/v2\/news\/2111","targetHints":{"allow":["GET"]}}],"collection":[{"href":"https:\/\/syndikat-eisebunnen.lu\/de\/wp-json\/wp\/v2\/news"}],"about":[{"href":"https:\/\/syndikat-eisebunnen.lu\/de\/wp-json\/wp\/v2\/types\/news"}],"wp:featuredmedia":[{"embeddable":true,"href":"https:\/\/syndikat-eisebunnen.lu\/de\/wp-json\/wp\/v2\/media\/439"}],"wp:attachment":[{"href":"https:\/\/syndikat-eisebunnen.lu\/de\/wp-json\/wp\/v2\/media?parent=2111"}],"wp:term":[{"taxonomy":"news_category","embeddable":true,"href":"https:\/\/syndikat-eisebunnen.lu\/de\/wp-json\/wp\/v2\/news_category?post=2111"}],"curies":[{"name":"wp","href":"https:\/\/api.w.org\/{rel}","templated":true}]}}