{"id":2524,"date":"2024-02-06T00:13:28","date_gmt":"2024-02-05T23:13:28","guid":{"rendered":"https:\/\/syndikat-eisebunnen.lu\/news\/editorial-nr-01-2024-2"},"modified":"2024-02-06T00:18:05","modified_gmt":"2024-02-05T23:18:05","slug":"editorial-nr-02-2024","status":"publish","type":"news","link":"https:\/\/syndikat-eisebunnen.lu\/de\/news\/editorial-nr-02-2024","title":{"rendered":"Editorial Nr. 02\/2024"},"content":{"rendered":"<p><\/p>\n<h2><strong>Sozialwahlen 2024<\/strong><\/h2>\n<h3>Der 31. Januar 2024 geht in die Gewerkschaftsgeschichte ein, sowohl f\u00fcr den FNCTTFEL-Landesverband als auch f\u00fcr den OGBL. Nach der 100 % Zustimmung auf dem au\u00dferordentlichen Kongress vom 7. Oktober 2023 wurde jetzt, am 31. Januar 2024, die Integration des Landesverbandes in den OGBL gefeiert.<\/h3>\n<p><\/p>","protected":false},"featured_media":2323,"template":"","news_category":[10],"class_list":["post-2524","news","type-news","status-publish","has-post-thumbnail","hentry","news_category-editorial"],"acf":[],"_links":{"self":[{"href":"https:\/\/syndikat-eisebunnen.lu\/de\/wp-json\/wp\/v2\/news\/2524","targetHints":{"allow":["GET"]}}],"collection":[{"href":"https:\/\/syndikat-eisebunnen.lu\/de\/wp-json\/wp\/v2\/news"}],"about":[{"href":"https:\/\/syndikat-eisebunnen.lu\/de\/wp-json\/wp\/v2\/types\/news"}],"wp:featuredmedia":[{"embeddable":true,"href":"https:\/\/syndikat-eisebunnen.lu\/de\/wp-json\/wp\/v2\/media\/2323"}],"wp:attachment":[{"href":"https:\/\/syndikat-eisebunnen.lu\/de\/wp-json\/wp\/v2\/media?parent=2524"}],"wp:term":[{"taxonomy":"news_category","embeddable":true,"href":"https:\/\/syndikat-eisebunnen.lu\/de\/wp-json\/wp\/v2\/news_category?post=2524"}],"curies":[{"name":"wp","href":"https:\/\/api.w.org\/{rel}","templated":true}]}}