{"id":2690,"date":"2024-05-17T23:44:32","date_gmt":"2024-05-17T21:44:32","guid":{"rendered":"https:\/\/syndikat-eisebunnen.lu\/news\/questions-deleguees-du-personnel-reunion-sc-en-date-du-15-mai-2024-2"},"modified":"2024-05-17T23:56:46","modified_gmt":"2024-05-17T21:56:46","slug":"4-landertreffen-der-lokfuhrer-15-17-mai-2024","status":"publish","type":"news","link":"https:\/\/syndikat-eisebunnen.lu\/de\/news\/4-landertreffen-der-lokfuhrer-15-17-mai-2024","title":{"rendered":"4-L\u00e4ndertreffen der Lokf\u00fchrer &#8211; 15-17 Mai 2024"},"content":{"rendered":"<h3><strong>Lokf\u00fchrer:innen fordern von der EU-Kommission Evaluierung des 4. Eisenbahnpakets<\/strong><\/h3>\n<h4><strong>Gewerkschafter:innen aus \u00d6sterreich, Luxemburg, Deutschland und der Schweiz wollen wissen, wie sich Liberalisierungen auf Besch\u00e4ftigte auswirken.<\/strong><\/h4>\n","protected":false},"featured_media":2691,"template":"","news_category":[35],"class_list":["post-2690","news","type-news","status-publish","has-post-thumbnail","hentry","news_category-info"],"acf":[],"_links":{"self":[{"href":"https:\/\/syndikat-eisebunnen.lu\/de\/wp-json\/wp\/v2\/news\/2690","targetHints":{"allow":["GET"]}}],"collection":[{"href":"https:\/\/syndikat-eisebunnen.lu\/de\/wp-json\/wp\/v2\/news"}],"about":[{"href":"https:\/\/syndikat-eisebunnen.lu\/de\/wp-json\/wp\/v2\/types\/news"}],"wp:featuredmedia":[{"embeddable":true,"href":"https:\/\/syndikat-eisebunnen.lu\/de\/wp-json\/wp\/v2\/media\/2691"}],"wp:attachment":[{"href":"https:\/\/syndikat-eisebunnen.lu\/de\/wp-json\/wp\/v2\/media?parent=2690"}],"wp:term":[{"taxonomy":"news_category","embeddable":true,"href":"https:\/\/syndikat-eisebunnen.lu\/de\/wp-json\/wp\/v2\/news_category?post=2690"}],"curies":[{"name":"wp","href":"https:\/\/api.w.org\/{rel}","templated":true}]}}