{"id":2778,"date":"2024-07-15T22:06:23","date_gmt":"2024-07-15T20:06:23","guid":{"rendered":"https:\/\/syndikat-eisebunnen.lu\/news\/info-av-temps-partiel-2"},"modified":"2024-07-15T22:13:00","modified_gmt":"2024-07-15T20:13:00","slug":"luxtram-introduction-de-la-preretraite-progressive-pour-le-personnel-de-luxtram","status":"publish","type":"news","link":"https:\/\/syndikat-eisebunnen.lu\/de\/news\/luxtram-introduction-de-la-preretraite-progressive-pour-le-personnel-de-luxtram","title":{"rendered":"Luxtram &#8211; Introduction de la pr\u00e9retraite progressive pour le personnel de Luxtram"},"content":{"rendered":"<h3>Le syndicat Chemins de fer FNCTTFEL-Landesverband de l\u2019OGBL et la direction de Luxtram ont sign\u00e9 le 10 juillet un avenant \u00e0 la convention collective de travail, introduisant la pr\u00e9retraite progressive au b\u00e9n\u00e9fice du personnel de la soci\u00e9t\u00e9 de transport.<\/h3>\n","protected":false},"featured_media":2779,"template":"","news_category":[35],"class_list":["post-2778","news","type-news","status-publish","has-post-thumbnail","hentry","news_category-info"],"acf":[],"_links":{"self":[{"href":"https:\/\/syndikat-eisebunnen.lu\/de\/wp-json\/wp\/v2\/news\/2778","targetHints":{"allow":["GET"]}}],"collection":[{"href":"https:\/\/syndikat-eisebunnen.lu\/de\/wp-json\/wp\/v2\/news"}],"about":[{"href":"https:\/\/syndikat-eisebunnen.lu\/de\/wp-json\/wp\/v2\/types\/news"}],"wp:featuredmedia":[{"embeddable":true,"href":"https:\/\/syndikat-eisebunnen.lu\/de\/wp-json\/wp\/v2\/media\/2779"}],"wp:attachment":[{"href":"https:\/\/syndikat-eisebunnen.lu\/de\/wp-json\/wp\/v2\/media?parent=2778"}],"wp:term":[{"taxonomy":"news_category","embeddable":true,"href":"https:\/\/syndikat-eisebunnen.lu\/de\/wp-json\/wp\/v2\/news_category?post=2778"}],"curies":[{"name":"wp","href":"https:\/\/api.w.org\/{rel}","templated":true}]}}