{"id":3171,"date":"2024-11-14T23:06:06","date_gmt":"2024-11-14T22:06:06","guid":{"rendered":"https:\/\/syndikat-eisebunnen.lu\/news\/reunion-dinformation-mataarbechtergespreicher-2"},"modified":"2024-11-14T23:20:44","modified_gmt":"2024-11-14T22:20:44","slug":"reunion-dinformation-mataarbechtergespreicher-2","status":"publish","type":"news","link":"https:\/\/syndikat-eisebunnen.lu\/de\/news\/reunion-dinformation-mataarbechtergespreicher-2","title":{"rendered":"Formation d\u00e9l\u00e9gu\u00e9s filiales &#8211; 13 novembre 2024"},"content":{"rendered":"<p><\/p>\n<h2><a href=\"https:\/\/syndikat-eisebunnen.lu\/wp-content\/uploads\/2024\/11\/Formation-Filialen-Remich-1-Copy.jpg\"><img loading=\"lazy\" decoding=\"async\" class=\"alignnone size-full wp-image-3173\" src=\"https:\/\/syndikat-eisebunnen.lu\/wp-content\/uploads\/2024\/11\/Formation-Filialen-Remich-1-Copy.jpg\" alt=\"\" width=\"800\" height=\"600\" srcset=\"https:\/\/syndikat-eisebunnen.lu\/wp-content\/uploads\/2024\/11\/Formation-Filialen-Remich-1-Copy.jpg 800w, https:\/\/syndikat-eisebunnen.lu\/wp-content\/uploads\/2024\/11\/Formation-Filialen-Remich-1-Copy-300x225.jpg 300w, https:\/\/syndikat-eisebunnen.lu\/wp-content\/uploads\/2024\/11\/Formation-Filialen-Remich-1-Copy-768x576.jpg 768w\" sizes=\"auto, (max-width: 800px) 100vw, 800px\" \/><\/a><\/h2>\n<p><\/p>","protected":false},"featured_media":3173,"template":"","news_category":[35],"class_list":["post-3171","news","type-news","status-publish","has-post-thumbnail","hentry","news_category-info"],"acf":[],"_links":{"self":[{"href":"https:\/\/syndikat-eisebunnen.lu\/de\/wp-json\/wp\/v2\/news\/3171","targetHints":{"allow":["GET"]}}],"collection":[{"href":"https:\/\/syndikat-eisebunnen.lu\/de\/wp-json\/wp\/v2\/news"}],"about":[{"href":"https:\/\/syndikat-eisebunnen.lu\/de\/wp-json\/wp\/v2\/types\/news"}],"wp:featuredmedia":[{"embeddable":true,"href":"https:\/\/syndikat-eisebunnen.lu\/de\/wp-json\/wp\/v2\/media\/3173"}],"wp:attachment":[{"href":"https:\/\/syndikat-eisebunnen.lu\/de\/wp-json\/wp\/v2\/media?parent=3171"}],"wp:term":[{"taxonomy":"news_category","embeddable":true,"href":"https:\/\/syndikat-eisebunnen.lu\/de\/wp-json\/wp\/v2\/news_category?post=3171"}],"curies":[{"name":"wp","href":"https:\/\/api.w.org\/{rel}","templated":true}]}}