{"id":3386,"date":"2025-01-30T10:35:25","date_gmt":"2025-01-30T09:35:25","guid":{"rendered":"https:\/\/syndikat-eisebunnen.lu\/news\/departement-des-services-publics-de-logbl-accord-salarial-dans-la-fonction-publique-2"},"modified":"2025-01-30T11:22:27","modified_gmt":"2025-01-30T10:22:27","slug":"departement-des-services-publics-de-logbl-accord-salarial-dans-la-fonction-publique-2","status":"publish","type":"news","link":"https:\/\/syndikat-eisebunnen.lu\/de\/news\/departement-des-services-publics-de-logbl-accord-salarial-dans-la-fonction-publique-2","title":{"rendered":"Abteilung \u00d6ffentlicher Dienst des OGBL : Geh\u00e4lterabkommen im \u00d6ffentlichen Dienst"},"content":{"rendered":"<p><strong>Einige Verbesserungen, aber auch verpasste Chancen f\u00fcr mehr soziale Gerechtigkeit<\/strong><\/p>\n<p><a href=\"https:\/\/syndikat-eisebunnen.lu\/wp-content\/uploads\/2025\/01\/Accord-salarial-2025-1.jpg\"><img loading=\"lazy\" decoding=\"async\" class=\"alignnone wp-image-3391\" src=\"https:\/\/syndikat-eisebunnen.lu\/wp-content\/uploads\/2025\/01\/Accord-salarial-2025-1.jpg\" alt=\"\" width=\"469\" height=\"469\" srcset=\"https:\/\/syndikat-eisebunnen.lu\/wp-content\/uploads\/2025\/01\/Accord-salarial-2025-1.jpg 1240w, https:\/\/syndikat-eisebunnen.lu\/wp-content\/uploads\/2025\/01\/Accord-salarial-2025-1-300x300.jpg 300w, https:\/\/syndikat-eisebunnen.lu\/wp-content\/uploads\/2025\/01\/Accord-salarial-2025-1-1024x1024.jpg 1024w, https:\/\/syndikat-eisebunnen.lu\/wp-content\/uploads\/2025\/01\/Accord-salarial-2025-1-150x150.jpg 150w, https:\/\/syndikat-eisebunnen.lu\/wp-content\/uploads\/2025\/01\/Accord-salarial-2025-1-768x768.jpg 768w, https:\/\/syndikat-eisebunnen.lu\/wp-content\/uploads\/2025\/01\/Accord-salarial-2025-1-700x700.jpg 700w\" sizes=\"auto, (max-width: 469px) 100vw, 469px\" \/><\/a><\/p>","protected":false},"featured_media":3391,"template":"","news_category":[35],"class_list":["post-3386","news","type-news","status-publish","has-post-thumbnail","hentry","news_category-info"],"acf":[],"_links":{"self":[{"href":"https:\/\/syndikat-eisebunnen.lu\/de\/wp-json\/wp\/v2\/news\/3386","targetHints":{"allow":["GET"]}}],"collection":[{"href":"https:\/\/syndikat-eisebunnen.lu\/de\/wp-json\/wp\/v2\/news"}],"about":[{"href":"https:\/\/syndikat-eisebunnen.lu\/de\/wp-json\/wp\/v2\/types\/news"}],"wp:featuredmedia":[{"embeddable":true,"href":"https:\/\/syndikat-eisebunnen.lu\/de\/wp-json\/wp\/v2\/media\/3391"}],"wp:attachment":[{"href":"https:\/\/syndikat-eisebunnen.lu\/de\/wp-json\/wp\/v2\/media?parent=3386"}],"wp:term":[{"taxonomy":"news_category","embeddable":true,"href":"https:\/\/syndikat-eisebunnen.lu\/de\/wp-json\/wp\/v2\/news_category?post=3386"}],"curies":[{"name":"wp","href":"https:\/\/api.w.org\/{rel}","templated":true}]}}