{"id":3484,"date":"2025-04-17T11:47:05","date_gmt":"2025-04-17T09:47:05","guid":{"rendered":"https:\/\/syndikat-eisebunnen.lu\/news\/ulc-communique-de-presse-baisse-temporaire-de-la-tva"},"modified":"2025-04-17T12:07:26","modified_gmt":"2025-04-17T10:07:26","slug":"communique-prime-operationnelle","status":"publish","type":"news","link":"https:\/\/syndikat-eisebunnen.lu\/de\/news\/communique-prime-operationnelle","title":{"rendered":"Communiqu\u00e9 &#8211; Prime op\u00e9rationnelle"},"content":{"rendered":"<h3><strong>Prime pour certains m\u00e9tiers ferroviaires<\/strong><\/h3>\n<h3><strong>Merci pour la prime\u2026 mais non merci pour la m\u00e9thode !<\/strong><\/h3>\n","protected":false},"featured_media":3487,"template":"","news_category":[33],"class_list":["post-3484","news","type-news","status-publish","has-post-thumbnail","hentry","news_category-communique"],"acf":[],"_links":{"self":[{"href":"https:\/\/syndikat-eisebunnen.lu\/de\/wp-json\/wp\/v2\/news\/3484","targetHints":{"allow":["GET"]}}],"collection":[{"href":"https:\/\/syndikat-eisebunnen.lu\/de\/wp-json\/wp\/v2\/news"}],"about":[{"href":"https:\/\/syndikat-eisebunnen.lu\/de\/wp-json\/wp\/v2\/types\/news"}],"wp:featuredmedia":[{"embeddable":true,"href":"https:\/\/syndikat-eisebunnen.lu\/de\/wp-json\/wp\/v2\/media\/3487"}],"wp:attachment":[{"href":"https:\/\/syndikat-eisebunnen.lu\/de\/wp-json\/wp\/v2\/media?parent=3484"}],"wp:term":[{"taxonomy":"news_category","embeddable":true,"href":"https:\/\/syndikat-eisebunnen.lu\/de\/wp-json\/wp\/v2\/news_category?post=3484"}],"curies":[{"name":"wp","href":"https:\/\/api.w.org\/{rel}","templated":true}]}}