{"id":3790,"date":"2025-06-24T16:24:06","date_gmt":"2025-06-24T14:24:06","guid":{"rendered":"https:\/\/syndikat-eisebunnen.lu\/news\/commentaire-2-nr-02-2025-2"},"modified":"2025-06-24T16:40:28","modified_gmt":"2025-06-24T14:40:28","slug":"commentaire-nr-03-2025","status":"publish","type":"news","link":"https:\/\/syndikat-eisebunnen.lu\/de\/news\/commentaire-nr-03-2025","title":{"rendered":"Kommentar &#8211; Nr. 03\/2025"},"content":{"rendered":"<p><\/p>\n<h3><strong>BTS\u00a0: une reconnaissance qui se concr\u00e9tise \u2026 mais \u00e0 quel rythme\u00a0?<\/strong><\/h3>\n<p>En 2023, une avanc\u00e9e importante est vot\u00e9e pour reconna\u00eetre le dipl\u00f4me de\u00a0BTS\u00a0dans la fonction publique. Une prime est pr\u00e9vue pour les agents concern\u00e9s. Mais, entre texte officiel, mise en \u0153uvre RH et attentes sur le terrain, o\u00f9 en est-on vraiment ?<\/p>\n<p>&nbsp;<\/p>","protected":false},"featured_media":3795,"template":"","news_category":[12],"class_list":["post-3790","news","type-news","status-publish","has-post-thumbnail","hentry","news_category-commentaire"],"acf":[],"_links":{"self":[{"href":"https:\/\/syndikat-eisebunnen.lu\/de\/wp-json\/wp\/v2\/news\/3790","targetHints":{"allow":["GET"]}}],"collection":[{"href":"https:\/\/syndikat-eisebunnen.lu\/de\/wp-json\/wp\/v2\/news"}],"about":[{"href":"https:\/\/syndikat-eisebunnen.lu\/de\/wp-json\/wp\/v2\/types\/news"}],"wp:featuredmedia":[{"embeddable":true,"href":"https:\/\/syndikat-eisebunnen.lu\/de\/wp-json\/wp\/v2\/media\/3795"}],"wp:attachment":[{"href":"https:\/\/syndikat-eisebunnen.lu\/de\/wp-json\/wp\/v2\/media?parent=3790"}],"wp:term":[{"taxonomy":"news_category","embeddable":true,"href":"https:\/\/syndikat-eisebunnen.lu\/de\/wp-json\/wp\/v2\/news_category?post=3790"}],"curies":[{"name":"wp","href":"https:\/\/api.w.org\/{rel}","templated":true}]}}