{"id":4180,"date":"2026-04-28T22:58:57","date_gmt":"2026-04-28T20:58:57","guid":{"rendered":"https:\/\/syndikat-eisebunnen.lu\/news\/commentaire-nr-01-2026-2"},"modified":"2026-04-28T23:11:17","modified_gmt":"2026-04-28T21:11:17","slug":"commentaire-nr-02-2026","status":"publish","type":"news","link":"https:\/\/syndikat-eisebunnen.lu\/de\/news\/commentaire-nr-02-2026","title":{"rendered":"Kommentar &#8211; Nr. 02\/2026"},"content":{"rendered":"<h2><strong>Brandmauern<\/strong><\/h2>\n<h4>Aktuell wird viel \u00fcber Brandmauern gegen\u00fcber den rechtsextremen Parteien geredet und geschrieben. Dass diese Mauern nicht ganz solide sind, hat k\u00fcrzlich eine Abstimmung im Europaparlament gezeigt.<\/h4>\n<p>Hier haben die Europ\u00e4ische Volkspartei und rechtsextreme Parteien, f\u00fcr eine menschenfeindliche Migrationspolitik votiert. Dies mag nicht wundern, da in manchen L\u00e4ndern, die Unterschiede zwischen christlich-konservativen Parteien und den Rechtspopulisten zu verschwinden drohen.<\/p>\n","protected":false},"featured_media":2582,"template":"","news_category":[12],"class_list":["post-4180","news","type-news","status-publish","has-post-thumbnail","hentry","news_category-commentaire"],"acf":[],"_links":{"self":[{"href":"https:\/\/syndikat-eisebunnen.lu\/de\/wp-json\/wp\/v2\/news\/4180","targetHints":{"allow":["GET"]}}],"collection":[{"href":"https:\/\/syndikat-eisebunnen.lu\/de\/wp-json\/wp\/v2\/news"}],"about":[{"href":"https:\/\/syndikat-eisebunnen.lu\/de\/wp-json\/wp\/v2\/types\/news"}],"wp:featuredmedia":[{"embeddable":true,"href":"https:\/\/syndikat-eisebunnen.lu\/de\/wp-json\/wp\/v2\/media\/2582"}],"wp:attachment":[{"href":"https:\/\/syndikat-eisebunnen.lu\/de\/wp-json\/wp\/v2\/media?parent=4180"}],"wp:term":[{"taxonomy":"news_category","embeddable":true,"href":"https:\/\/syndikat-eisebunnen.lu\/de\/wp-json\/wp\/v2\/news_category?post=4180"}],"curies":[{"name":"wp","href":"https:\/\/api.w.org\/{rel}","templated":true}]}}