{"id":4181,"date":"2026-04-28T22:59:07","date_gmt":"2026-04-28T20:59:07","guid":{"rendered":"https:\/\/syndikat-eisebunnen.lu\/news\/editorial-nr-01-2026-2"},"modified":"2026-04-28T23:14:20","modified_gmt":"2026-04-28T21:14:20","slug":"editorial-nr-02-2026","status":"publish","type":"news","link":"https:\/\/syndikat-eisebunnen.lu\/de\/news\/editorial-nr-02-2026","title":{"rendered":"Editorial Nr. 02\/2026"},"content":{"rendered":"<h3><strong>Stopp d\u2019Gewalt g\u00e9int d\u2019Personal<\/strong><\/h3>\n<h4>Aggressionen und Gewaltvorf\u00e4lle im \u00f6ffentlichen Transport nehmen europaweit sp\u00fcrbar zu \u2013 eine Entwicklung, die nicht nur die Besch\u00e4ftigten, sondern zunehmend auch die Fahrg\u00e4ste belastet.<\/h4>\n","protected":false},"featured_media":2323,"template":"","news_category":[10],"class_list":["post-4181","news","type-news","status-publish","has-post-thumbnail","hentry","news_category-editorial"],"acf":[],"_links":{"self":[{"href":"https:\/\/syndikat-eisebunnen.lu\/de\/wp-json\/wp\/v2\/news\/4181","targetHints":{"allow":["GET"]}}],"collection":[{"href":"https:\/\/syndikat-eisebunnen.lu\/de\/wp-json\/wp\/v2\/news"}],"about":[{"href":"https:\/\/syndikat-eisebunnen.lu\/de\/wp-json\/wp\/v2\/types\/news"}],"wp:featuredmedia":[{"embeddable":true,"href":"https:\/\/syndikat-eisebunnen.lu\/de\/wp-json\/wp\/v2\/media\/2323"}],"wp:attachment":[{"href":"https:\/\/syndikat-eisebunnen.lu\/de\/wp-json\/wp\/v2\/media?parent=4181"}],"wp:term":[{"taxonomy":"news_category","embeddable":true,"href":"https:\/\/syndikat-eisebunnen.lu\/de\/wp-json\/wp\/v2\/news_category?post=4181"}],"curies":[{"name":"wp","href":"https:\/\/api.w.org\/{rel}","templated":true}]}}