{"id":484,"date":"2022-02-23T22:30:54","date_gmt":"2022-02-23T21:30:54","guid":{"rendered":"https:\/\/fncttfel.webdev.lu\/?post_type=news&#038;p=484"},"modified":"2022-10-19T23:10:35","modified_gmt":"2022-10-19T21:10:35","slug":"editorial-nr-02-2022","status":"publish","type":"news","link":"https:\/\/syndikat-eisebunnen.lu\/de\/news\/editorial-nr-02-2022","title":{"rendered":"Editorial Nr. 02\/2022"},"content":{"rendered":"<p><\/p>\n<h2>Neue \u00c4ra beim Landesverband<\/h2>\n<p><strong>Werte Leserinnen und Leser,<\/strong><\/p>\n<p>wie bereits angek\u00fcndigt wird sich der Landesverband in den n\u00e4chsten Monaten neu aufstellen und dies um der provisorischen Integration in den OGBL Rechnung zu tragen. F\u00fcr eine komplette Transparenz dieser neuen Art der Mitgliederbetreuung wird euch hier im Editorial unserer Gewerkschaftszeitung, in den n\u00e4chsten Monaten, Schritt f\u00fcr Schritt, berichtet.<\/p>","protected":false},"featured_media":658,"template":"","news_category":[10],"class_list":["post-484","news","type-news","status-publish","has-post-thumbnail","hentry","news_category-editorial"],"acf":[],"_links":{"self":[{"href":"https:\/\/syndikat-eisebunnen.lu\/de\/wp-json\/wp\/v2\/news\/484","targetHints":{"allow":["GET"]}}],"collection":[{"href":"https:\/\/syndikat-eisebunnen.lu\/de\/wp-json\/wp\/v2\/news"}],"about":[{"href":"https:\/\/syndikat-eisebunnen.lu\/de\/wp-json\/wp\/v2\/types\/news"}],"wp:featuredmedia":[{"embeddable":true,"href":"https:\/\/syndikat-eisebunnen.lu\/de\/wp-json\/wp\/v2\/media\/658"}],"wp:attachment":[{"href":"https:\/\/syndikat-eisebunnen.lu\/de\/wp-json\/wp\/v2\/media?parent=484"}],"wp:term":[{"taxonomy":"news_category","embeddable":true,"href":"https:\/\/syndikat-eisebunnen.lu\/de\/wp-json\/wp\/v2\/news_category?post=484"}],"curies":[{"name":"wp","href":"https:\/\/api.w.org\/{rel}","templated":true}]}}