{"id":580,"date":"2022-05-24T22:36:45","date_gmt":"2022-05-24T20:36:45","guid":{"rendered":"https:\/\/fncttfel.webdev.lu\/news\/editorial-nr-03-2022-2"},"modified":"2022-10-19T23:08:06","modified_gmt":"2022-10-19T21:08:06","slug":"editorial-nr-03-2022-2","status":"publish","type":"news","link":"https:\/\/syndikat-eisebunnen.lu\/de\/news\/editorial-nr-03-2022-2","title":{"rendered":"Editorial Nr. 05\/2022"},"content":{"rendered":"<p><\/p>\n<h2>1. Mai Ansprache<\/h2>\n<p><strong>Gudde Moien, l\u00e9if Kolleeginnen an Kolleegen,<\/strong><\/p>\n<p>Ech begr\u00e9issen iech am Numm vun der Gesch\u00e4ftsf\u00e9ierung vum OGBL a Landesverband op der 1ter Mee Feier 2022 hei an der Abtei Neim\u00ebnster.<\/p>\n<p>A sech wollte mir haut no enger laanger COVID Krise endlech er\u00ebm, hei an d\u00ebsem sch\u00e9ine Kader vun der Abtei Neim\u00ebnster, eent sch\u00e9int gemittlecht Familljefest zum Dag vun der Aarbecht, feieren.<\/p>","protected":false},"featured_media":916,"template":"","news_category":[10],"class_list":["post-580","news","type-news","status-publish","has-post-thumbnail","hentry","news_category-editorial"],"acf":[],"_links":{"self":[{"href":"https:\/\/syndikat-eisebunnen.lu\/de\/wp-json\/wp\/v2\/news\/580","targetHints":{"allow":["GET"]}}],"collection":[{"href":"https:\/\/syndikat-eisebunnen.lu\/de\/wp-json\/wp\/v2\/news"}],"about":[{"href":"https:\/\/syndikat-eisebunnen.lu\/de\/wp-json\/wp\/v2\/types\/news"}],"wp:featuredmedia":[{"embeddable":true,"href":"https:\/\/syndikat-eisebunnen.lu\/de\/wp-json\/wp\/v2\/media\/916"}],"wp:attachment":[{"href":"https:\/\/syndikat-eisebunnen.lu\/de\/wp-json\/wp\/v2\/media?parent=580"}],"wp:term":[{"taxonomy":"news_category","embeddable":true,"href":"https:\/\/syndikat-eisebunnen.lu\/de\/wp-json\/wp\/v2\/news_category?post=580"}],"curies":[{"name":"wp","href":"https:\/\/api.w.org\/{rel}","templated":true}]}}