{"id":695,"date":"2022-08-17T22:58:53","date_gmt":"2022-08-17T20:58:53","guid":{"rendered":"https:\/\/fncttfel.webdev.lu\/news\/editorial-nr-06-2022-2"},"modified":"2022-10-19T23:06:12","modified_gmt":"2022-10-19T21:06:12","slug":"editorial-nr-06-2022-2","status":"publish","type":"news","link":"https:\/\/syndikat-eisebunnen.lu\/de\/news\/editorial-nr-06-2022-2","title":{"rendered":"Editorial Nr. 07\/2022"},"content":{"rendered":"<p><\/p>\n<h2>Schlag auf Schlag<\/h2>\n<p>Der lang angek\u00fcndigte erste Syndikatstag des 2020 neu gegr\u00fcndeten Syndikates Eisenbahnen\/FNCTTFEL-Landesverband, fand jetzt endlich, mit genau 2 Jahren Versp\u00e4tung, am 02. Juli 2022 statt.<\/p>\n<p>Die COVID-19 Krise hatte uns, aus sanit\u00e4ren Gr\u00fcnden gegen\u00fcber unseren Mitgliedern, dazu veranlasst diesen wichtigen Tag zu verschieben.<\/p>","protected":false},"featured_media":658,"template":"","news_category":[10],"class_list":["post-695","news","type-news","status-publish","has-post-thumbnail","hentry","news_category-editorial"],"acf":[],"_links":{"self":[{"href":"https:\/\/syndikat-eisebunnen.lu\/de\/wp-json\/wp\/v2\/news\/695","targetHints":{"allow":["GET"]}}],"collection":[{"href":"https:\/\/syndikat-eisebunnen.lu\/de\/wp-json\/wp\/v2\/news"}],"about":[{"href":"https:\/\/syndikat-eisebunnen.lu\/de\/wp-json\/wp\/v2\/types\/news"}],"wp:featuredmedia":[{"embeddable":true,"href":"https:\/\/syndikat-eisebunnen.lu\/de\/wp-json\/wp\/v2\/media\/658"}],"wp:attachment":[{"href":"https:\/\/syndikat-eisebunnen.lu\/de\/wp-json\/wp\/v2\/media?parent=695"}],"wp:term":[{"taxonomy":"news_category","embeddable":true,"href":"https:\/\/syndikat-eisebunnen.lu\/de\/wp-json\/wp\/v2\/news_category?post=695"}],"curies":[{"name":"wp","href":"https:\/\/api.w.org\/{rel}","templated":true}]}}