{"id":696,"date":"2022-08-17T23:07:31","date_gmt":"2022-08-17T21:07:31","guid":{"rendered":"https:\/\/fncttfel.webdev.lu\/news\/commentaire-nr-06-2022"},"modified":"2022-09-19T14:25:57","modified_gmt":"2022-09-19T12:25:57","slug":"commentaire-nr-06-2022","status":"publish","type":"news","link":"https:\/\/syndikat-eisebunnen.lu\/de\/news\/commentaire-nr-06-2022","title":{"rendered":"Kommentar Nr. 07\/2022"},"content":{"rendered":"<p><\/p>\n<h2>Muss das sein ?<\/h2>\n<p>Mitten in der Sommerzeit, zu einer Zeit, wo viele Leute im Urlaub verweilen, teilt die Luxemburger Post den B\u00fcrger mit, dass ab dem 1. September 2022 neue Tarife eingef\u00fchrt werden. Erh\u00f6ht werden die Posttarife f\u00fcr nationale und internationale Brief- und Paketsendungen.<\/p>\n<p>Rechnet man die Preiserh\u00f6hung aus, so betr\u00e4gt diese 25 % f\u00fcr nationale Sendungen bzw. 33 % f\u00fcr Sendungen innerhalb Europas. Diese Preiserh\u00f6hung ist v\u00f6llig unbegr\u00fcndet und \u00fcbertrieben.<\/p>","protected":false},"featured_media":697,"template":"","news_category":[12],"class_list":["post-696","news","type-news","status-publish","has-post-thumbnail","hentry","news_category-commentaire"],"acf":[],"_links":{"self":[{"href":"https:\/\/syndikat-eisebunnen.lu\/de\/wp-json\/wp\/v2\/news\/696","targetHints":{"allow":["GET"]}}],"collection":[{"href":"https:\/\/syndikat-eisebunnen.lu\/de\/wp-json\/wp\/v2\/news"}],"about":[{"href":"https:\/\/syndikat-eisebunnen.lu\/de\/wp-json\/wp\/v2\/types\/news"}],"wp:featuredmedia":[{"embeddable":true,"href":"https:\/\/syndikat-eisebunnen.lu\/de\/wp-json\/wp\/v2\/media\/697"}],"wp:attachment":[{"href":"https:\/\/syndikat-eisebunnen.lu\/de\/wp-json\/wp\/v2\/media?parent=696"}],"wp:term":[{"taxonomy":"news_category","embeddable":true,"href":"https:\/\/syndikat-eisebunnen.lu\/de\/wp-json\/wp\/v2\/news_category?post=696"}],"curies":[{"name":"wp","href":"https:\/\/api.w.org\/{rel}","templated":true}]}}