{"id":701,"date":"2022-09-19T11:36:03","date_gmt":"2022-09-19T09:36:03","guid":{"rendered":"https:\/\/fncttfel.webdev.lu\/news\/commentaire-nr-07-2022"},"modified":"2022-09-19T14:26:54","modified_gmt":"2022-09-19T12:26:54","slug":"commentaire-nr-07-2022","status":"publish","type":"news","link":"https:\/\/syndikat-eisebunnen.lu\/de\/news\/commentaire-nr-07-2022","title":{"rendered":"Kommentar Nr. 08\/2022"},"content":{"rendered":"<p><\/p>\n<h2><strong>Zesumme spueren &#8211; Zesummenhalen<\/strong><\/h2>\n<p>Am 8. September 2022 fand die schon vor l\u00e4ngerer Zeit angek\u00fcndigte und mit gro\u00dfer Spannung erwartete Pressekonferenz \u00fcber die nationale Energiesparkampagne der Regierung statt.<\/p>\n<p>Mit der Pr\u00e4senz vom Minister f\u00fcr Energie, Claude Turmes, der Ministerin f\u00fcr Inneres, Taina Bofferding, und dem Minister f\u00fcr Mittelstand, Lex Delles, sowie von den Vertretern vom Syvicol, der Handelskammer, und der Handwerkskammer sollte den anwesenden Pressevertreter sowie allen B\u00fcrgern und B\u00fcrgerinnen die Wichtigkeit dieser Pressekonferenz demonstriert werden. Ziel war es, den B\u00fcrgern die Ma\u00dfnahmen mitzuteilen, wie Luxemburg der EU-Verordnung 2022\/1369 \u00fcber koordinierte Ma\u00dfnahmen zur Senkung der Gasnachfrage gerecht werden will.<\/p>","protected":false},"featured_media":697,"template":"","news_category":[12],"class_list":["post-701","news","type-news","status-publish","has-post-thumbnail","hentry","news_category-commentaire"],"acf":[],"_links":{"self":[{"href":"https:\/\/syndikat-eisebunnen.lu\/de\/wp-json\/wp\/v2\/news\/701","targetHints":{"allow":["GET"]}}],"collection":[{"href":"https:\/\/syndikat-eisebunnen.lu\/de\/wp-json\/wp\/v2\/news"}],"about":[{"href":"https:\/\/syndikat-eisebunnen.lu\/de\/wp-json\/wp\/v2\/types\/news"}],"wp:featuredmedia":[{"embeddable":true,"href":"https:\/\/syndikat-eisebunnen.lu\/de\/wp-json\/wp\/v2\/media\/697"}],"wp:attachment":[{"href":"https:\/\/syndikat-eisebunnen.lu\/de\/wp-json\/wp\/v2\/media?parent=701"}],"wp:term":[{"taxonomy":"news_category","embeddable":true,"href":"https:\/\/syndikat-eisebunnen.lu\/de\/wp-json\/wp\/v2\/news_category?post=701"}],"curies":[{"name":"wp","href":"https:\/\/api.w.org\/{rel}","templated":true}]}}