{"id":945,"date":"2022-10-19T22:55:02","date_gmt":"2022-10-19T20:55:02","guid":{"rendered":"https:\/\/fncttfel.webdev.lu\/news\/editorial-nr-07-2022"},"modified":"2022-10-19T23:04:48","modified_gmt":"2022-10-19T21:04:48","slug":"editorial-nr-07-2022","status":"publish","type":"news","link":"https:\/\/syndikat-eisebunnen.lu\/de\/news\/editorial-nr-07-2022","title":{"rendered":"Editorial Nr. 09\/2022"},"content":{"rendered":"<p><\/p>\n<h2><strong>68. Kongress vum Landesverband &#8211; Ried am Kader vun der S\u00e9ance Acad\u00e9mique <\/strong><\/h2>\n<p>Als Pr\u00e4sident vum Landesverband ass et mir eng \u00c9ier\u00a0iech Alleguerten zur S\u00e9ance Acad\u00e9mique um Virowend vum 68 Kongress vum FNCTTFEL-Landesverband begr\u00e9issen ze d\u00e4erfen.<\/p>","protected":false},"featured_media":916,"template":"","news_category":[10],"class_list":["post-945","news","type-news","status-publish","has-post-thumbnail","hentry","news_category-editorial"],"acf":[],"_links":{"self":[{"href":"https:\/\/syndikat-eisebunnen.lu\/de\/wp-json\/wp\/v2\/news\/945","targetHints":{"allow":["GET"]}}],"collection":[{"href":"https:\/\/syndikat-eisebunnen.lu\/de\/wp-json\/wp\/v2\/news"}],"about":[{"href":"https:\/\/syndikat-eisebunnen.lu\/de\/wp-json\/wp\/v2\/types\/news"}],"wp:featuredmedia":[{"embeddable":true,"href":"https:\/\/syndikat-eisebunnen.lu\/de\/wp-json\/wp\/v2\/media\/916"}],"wp:attachment":[{"href":"https:\/\/syndikat-eisebunnen.lu\/de\/wp-json\/wp\/v2\/media?parent=945"}],"wp:term":[{"taxonomy":"news_category","embeddable":true,"href":"https:\/\/syndikat-eisebunnen.lu\/de\/wp-json\/wp\/v2\/news_category?post=945"}],"curies":[{"name":"wp","href":"https:\/\/api.w.org\/{rel}","templated":true}]}}